{"id":2191,"date":"2024-10-29T06:46:29","date_gmt":"2024-10-29T06:46:29","guid":{"rendered":"https:\/\/wirtschaftsf\u00f6rderung-gifhorn.de\/?p=2191"},"modified":"2024-10-29T06:51:05","modified_gmt":"2024-10-29T06:51:05","slug":"zukunftsregion-suedostniedersachsen","status":"publish","type":"post","link":"https:\/\/xn--wirtschaftsfrderung-gifhorn-0yc.de\/en\/presseinformationen\/zukunftsregion-suedostniedersachsen\/","title":{"rendered":"Future region South-East Lower Saxony"},"content":{"rendered":"<p>[et_pb_section fb_built=&#8220;1&#8243; _builder_version=&#8220;4.16&#8243; custom_padding=&#8220;30px|0px|3px|0px|false|false&#8220; global_colors_info=&#8220;{}&#8220;][et_pb_row _builder_version=&#8220;4.16&#8243; background_size=&#8220;initial&#8220; background_position=&#8220;top_left&#8220; background_repeat=&#8220;repeat&#8220; global_colors_info=&#8220;{}&#8220;][et_pb_column type=&#8220;4_4&#8243; _builder_version=&#8220;4.16&#8243; custom_padding=&#8220;|||&#8220; global_colors_info=&#8220;{}&#8220; custom_padding__hover=&#8220;|||&#8220;][et_pb_text _builder_version=&#8220;4.16&#8243; background_size=&#8220;initial&#8220; background_position=&#8220;top_left&#8220; background_repeat=&#8220;repeat&#8220; custom_margin=&#8220;0px|0px|0px|0px|false|false&#8220; global_colors_info=&#8220;{}&#8220;]<\/p>\n<h5>Zukunftsregion S\u00fcdOstNiedersachsen<\/h5>\n<p>Die Zukunftsregion S\u00fcdOstNiedersachsen ist in das F\u00f6rderprogramm \u201eZukunftsregionen in Niedersachsen\u201c aufgenommen worden. So entschied das Ministerium f\u00fcr Bundes- und Europaangelegenheiten und Regionale Entwicklung im September 2022.<\/p>\n<p>Die Zukunftsregion S\u00fcdOstNiedersachsen umfasst das Gebiet der Landkreise Gifhorn, Goslar, Helmstedt, Peine und Wolfenb\u00fcttel sowie der kreisfreien St\u00e4dte Braunschweig, Salzgitter und Wolfsburg. Weitere Kooperationspartner sind der Regionalverband Gro\u00dfraum Braunschweig und die Allianz f\u00fcr die Region GmbH.<\/p>\n<p>Zu dem zweistufigen Prozess zur Aufnahme als Zukunftsregion geh\u00f6rte auch die Aufstellung eines Zukunftskonzeptes, das unter Beteiligung der Kooperationspartner:innen und weiterer Akteur:innen aus der Region entstand.<\/p>\n<p>Im Zukunftskonzept sind die Handlungsfelder, Leitprojekte und Gesamtorganisation der Zukunftsregion S\u00fcdOstNiedersachsen beschrieben. Hier finden Sie die g\u00fcltige Fassung des Zukunftskonzepts und weiterf\u00fchrende<\/p>\n<p>&nbsp;<br \/>\n[\/et_pb_text][\/et_pb_column][\/et_pb_row][\/et_pb_section]<\/p>\n","protected":false},"excerpt":{"rendered":"<p>Zukunftsregion S\u00fcdOstNiedersachsen Die Zukunftsregion S\u00fcdOstNiedersachsen ist in das F\u00f6rderprogramm \u201eZukunftsregionen in Niedersachsen\u201c aufgenommen worden. So entschied das Ministerium f\u00fcr Bundes- und Europaangelegenheiten und Regionale Entwicklung im September 2022. Die Zukunftsregion S\u00fcdOstNiedersachsen umfasst das Gebiet der Landkreise Gifhorn, Goslar, Helmstedt, Peine und Wolfenb\u00fcttel sowie der kreisfreien St\u00e4dte Braunschweig, Salzgitter und Wolfsburg. Weitere Kooperationspartner sind der Regionalverband [&hellip;]<\/p>\n","protected":false},"author":1,"featured_media":2200,"comment_status":"open","ping_status":"open","sticky":false,"template":"","format":"standard","meta":{"_et_pb_use_builder":"on","_et_pb_old_content":"<h5>Zukunftsregion S\u00fcdOstNiedersachsen<\/h5><p>Die Zukunftsregion S\u00fcdOstNiedersachsen ist in das F\u00f6rderprogramm \u201eZukunftsregionen in Niedersachsen\u201c aufgenommen worden. So entschied das Ministerium f\u00fcr Bundes- und Europaangelegenheiten und Regionale Entwicklung im September 2022.<\/p><p>Die Zukunftsregion S\u00fcdOstNiedersachsen umfasst das Gebiet der Landkreise Gifhorn, Goslar, Helmstedt, Peine und Wolfenb\u00fcttel sowie der kreisfreien St\u00e4dte Braunschweig, Salzgitter und Wolfsburg. Weitere Kooperationspartner sind der Regionalverband Gro\u00dfraum Braunschweig und die Allianz f\u00fcr die Region GmbH.<\/p><p>Zu dem zweistufigen Prozess zur Aufnahme als Zukunftsregion geh\u00f6rte auch die Aufstellung eines Zukunftskonzeptes, das unter Beteiligung der Kooperationspartner:innen und weiterer Akteur:innen aus der Region entstand.<\/p><p>Im Zukunftskonzept sind die Handlungsfelder, Leitprojekte und Gesamtorganisation der Zukunftsregion S\u00fcdOstNiedersachsen beschrieben. Hier finden Sie die g\u00fcltige Fassung des Zukunftskonzepts und weiterf\u00fchrende<\/p><p>\u00a0<\/p>","_et_gb_content_width":"","inline_featured_image":false,"footnotes":""},"categories":[1,4],"tags":[],"class_list":["post-2191","post","type-post","status-publish","format-standard","has-post-thumbnail","hentry","category-presseinformationen","category-top-news"],"_links":{"self":[{"href":"https:\/\/xn--wirtschaftsfrderung-gifhorn-0yc.de\/en\/wp-json\/wp\/v2\/posts\/2191","targetHints":{"allow":["GET"]}}],"collection":[{"href":"https:\/\/xn--wirtschaftsfrderung-gifhorn-0yc.de\/en\/wp-json\/wp\/v2\/posts"}],"about":[{"href":"https:\/\/xn--wirtschaftsfrderung-gifhorn-0yc.de\/en\/wp-json\/wp\/v2\/types\/post"}],"author":[{"embeddable":true,"href":"https:\/\/xn--wirtschaftsfrderung-gifhorn-0yc.de\/en\/wp-json\/wp\/v2\/users\/1"}],"replies":[{"embeddable":true,"href":"https:\/\/xn--wirtschaftsfrderung-gifhorn-0yc.de\/en\/wp-json\/wp\/v2\/comments?post=2191"}],"version-history":[{"count":5,"href":"https:\/\/xn--wirtschaftsfrderung-gifhorn-0yc.de\/en\/wp-json\/wp\/v2\/posts\/2191\/revisions"}],"predecessor-version":[{"id":2199,"href":"https:\/\/xn--wirtschaftsfrderung-gifhorn-0yc.de\/en\/wp-json\/wp\/v2\/posts\/2191\/revisions\/2199"}],"wp:featuredmedia":[{"embeddable":true,"href":"https:\/\/xn--wirtschaftsfrderung-gifhorn-0yc.de\/en\/wp-json\/wp\/v2\/media\/2200"}],"wp:attachment":[{"href":"https:\/\/xn--wirtschaftsfrderung-gifhorn-0yc.de\/en\/wp-json\/wp\/v2\/media?parent=2191"}],"wp:term":[{"taxonomy":"category","embeddable":true,"href":"https:\/\/xn--wirtschaftsfrderung-gifhorn-0yc.de\/en\/wp-json\/wp\/v2\/categories?post=2191"},{"taxonomy":"post_tag","embeddable":true,"href":"https:\/\/xn--wirtschaftsfrderung-gifhorn-0yc.de\/en\/wp-json\/wp\/v2\/tags?post=2191"}],"curies":[{"name":"wp","href":"https:\/\/api.w.org\/{rel}","templated":true}]}}