{"id":5942,"date":"2026-01-20T15:52:34","date_gmt":"2026-01-20T15:52:34","guid":{"rendered":"https:\/\/xn--wirtschaftsfrderung-gifhorn-0yc.de\/?p=5942"},"modified":"2026-02-02T13:01:26","modified_gmt":"2026-02-02T13:01:26","slug":"impulse-aus-erster-hand-austausch-mit-der-arbeitsagentur-gibt-startschuss-fuer-die-berufsorientierungsmesse-2026","status":"publish","type":"post","link":"https:\/\/xn--wirtschaftsfrderung-gifhorn-0yc.de\/en\/uncategorized\/impulse-aus-erster-hand-austausch-mit-der-arbeitsagentur-gibt-startschuss-fuer-die-berufsorientierungsmesse-2026\/","title":{"rendered":"Impulse aus erster Hand: Austausch mit der Arbeitsagentur gibt Startschuss f\u00fcr die Berufsorientierungsmesse 2026"},"content":{"rendered":"<p>Beim Kennenlernen mit <a id=\"ember327\" class=\"ember-view\" tabindex=\"0\" href=\"https:\/\/www.linkedin.com\/in\/ulf-steinmann-7804b6326\/\" target=\"_blank\" rel=\"noopener\">Ulf Steinmann<\/a> (Leiter der Agentur f\u00fcr Arbeit Helmstedt &#8211; Wolfsburg &#8211; Gifhorn) haben wir viele wertvolle Einblicke und Impulse, unter anderem f\u00fcr die Berufsorientierung im Landkreis Gifhorn mitgenommen. Dabei wurde schnell klar: Wenn Schulen, Unternehmen, Beratung und Verwaltung noch enger zusammenarbeiten, profitieren vor allem die Jugendlichen.<\/p>\n<p>Wir als Landkreis Gifhorn Innovation &amp; Service GmbH \u00fcbernehmen deshalb die Veranstalterrolle f\u00fcr die Berufsorientierungsmesse 2026.<br \/>\nGemeinsam mit unseren Partnern und den regionalen Akteur:innen wollen wir die Veranstaltung weiterentwickeln, die Jugendlichen wirklich Orientierung gibt und Unternehmen unkompliziert mit potenziellen Nachwuchskr\u00e4ften zusammenbringt.<\/p>\n<p>Und weil Berufsorientierung nicht bei einer Messe aufh\u00f6rt, haben wir auch \u00fcber weitere m\u00f6gliche Formate gesprochen \u2013 vom \u201eJob Caf\u00e9\u201c bis hin zu neuen, niedrigschwelligen Austausch\u2011 und Begegnungsangeboten. Ziel ist es, den Dialog zwischen Wirtschaft, Fachkr\u00e4ften und Bildungseinrichtungen sp\u00fcrbar zu st\u00e4rken.<\/p>\n<p><img loading=\"lazy\" decoding=\"async\" class=\"alignnone wp-image-5943\" src=\"https:\/\/xn--wirtschaftsfrderung-gifhorn-0yc.de\/wp-content\/uploads\/2026\/01\/Gruppenbild_Ulf-Steinmann-228x300.jpg\" alt=\"\" width=\"290\" height=\"382\" \/><\/p>\n<p>Foto (v. l. n. r.): <a id=\"ember41\" class=\"ember-view\" tabindex=\"0\" href=\"https:\/\/www.linkedin.com\/in\/andreas-wiegand-4b541b374\/\" target=\"_blank\" rel=\"noopener\">Andreas Wiegand<\/a>, <a id=\"ember42\" class=\"ember-view\" tabindex=\"0\" href=\"https:\/\/www.linkedin.com\/in\/johanna-vogt-2875aa29a\/\" target=\"_blank\" rel=\"noopener\">Johanna Vogt<\/a>, <a id=\"ember43\" class=\"ember-view\" tabindex=\"0\" href=\"https:\/\/www.linkedin.com\/in\/ulf-steinmann-7804b6326\/\" target=\"_blank\" rel=\"noopener\">Ulf Steinmann<\/a> &amp; <a id=\"ember44\" class=\"ember-view\" tabindex=\"0\" href=\"https:\/\/www.linkedin.com\/in\/sabrina-d%C3%B6rflinger-899a83250\/\" target=\"_blank\" rel=\"noopener\">Sabrina D\u00f6rflinger<\/a><\/p>","protected":false},"excerpt":{"rendered":"<p>Beim Kennenlernen mit Ulf Steinmann (Leiter der Agentur f\u00fcr Arbeit Helmstedt &#8211; Wolfsburg &#8211; Gifhorn) haben wir viele wertvolle Einblicke und Impulse, unter anderem f\u00fcr die Berufsorientierung im Landkreis Gifhorn mitgenommen. Dabei wurde schnell klar: Wenn Schulen, Unternehmen, Beratung und Verwaltung noch enger zusammenarbeiten, profitieren vor allem die Jugendlichen. Wir als Landkreis Gifhorn Innovation &amp; [&hellip;]<\/p>\n","protected":false},"author":13,"featured_media":5973,"comment_status":"closed","ping_status":"open","sticky":false,"template":"","format":"standard","meta":{"_et_pb_use_builder":"","_et_pb_old_content":"","_et_gb_content_width":"","inline_featured_image":false,"footnotes":""},"categories":[1,4,21],"tags":[],"class_list":["post-5942","post","type-post","status-publish","format-standard","has-post-thumbnail","hentry","category-uncategorized","category-top-news","category-wirtschaftsstandort"],"_links":{"self":[{"href":"https:\/\/xn--wirtschaftsfrderung-gifhorn-0yc.de\/en\/wp-json\/wp\/v2\/posts\/5942","targetHints":{"allow":["GET"]}}],"collection":[{"href":"https:\/\/xn--wirtschaftsfrderung-gifhorn-0yc.de\/en\/wp-json\/wp\/v2\/posts"}],"about":[{"href":"https:\/\/xn--wirtschaftsfrderung-gifhorn-0yc.de\/en\/wp-json\/wp\/v2\/types\/post"}],"author":[{"embeddable":true,"href":"https:\/\/xn--wirtschaftsfrderung-gifhorn-0yc.de\/en\/wp-json\/wp\/v2\/users\/13"}],"replies":[{"embeddable":true,"href":"https:\/\/xn--wirtschaftsfrderung-gifhorn-0yc.de\/en\/wp-json\/wp\/v2\/comments?post=5942"}],"version-history":[{"count":2,"href":"https:\/\/xn--wirtschaftsfrderung-gifhorn-0yc.de\/en\/wp-json\/wp\/v2\/posts\/5942\/revisions"}],"predecessor-version":[{"id":5948,"href":"https:\/\/xn--wirtschaftsfrderung-gifhorn-0yc.de\/en\/wp-json\/wp\/v2\/posts\/5942\/revisions\/5948"}],"wp:featuredmedia":[{"embeddable":true,"href":"https:\/\/xn--wirtschaftsfrderung-gifhorn-0yc.de\/en\/wp-json\/wp\/v2\/media\/5973"}],"wp:attachment":[{"href":"https:\/\/xn--wirtschaftsfrderung-gifhorn-0yc.de\/en\/wp-json\/wp\/v2\/media?parent=5942"}],"wp:term":[{"taxonomy":"category","embeddable":true,"href":"https:\/\/xn--wirtschaftsfrderung-gifhorn-0yc.de\/en\/wp-json\/wp\/v2\/categories?post=5942"},{"taxonomy":"post_tag","embeddable":true,"href":"https:\/\/xn--wirtschaftsfrderung-gifhorn-0yc.de\/en\/wp-json\/wp\/v2\/tags?post=5942"}],"curies":[{"name":"wp","href":"https:\/\/api.w.org\/{rel}","templated":true}]}}