{"id":6092,"date":"2026-04-27T13:59:05","date_gmt":"2026-04-27T13:59:05","guid":{"rendered":"https:\/\/xn--wirtschaftsfrderung-gifhorn-0yc.de\/?p=6092"},"modified":"2026-04-27T14:27:33","modified_gmt":"2026-04-27T14:27:33","slug":"haus-der-wirtschaft-aus-einer-gemeinsamen-idee-wird-ein-ort","status":"publish","type":"post","link":"https:\/\/xn--wirtschaftsfrderung-gifhorn-0yc.de\/en\/presseinformationen\/haus-der-wirtschaft-aus-einer-gemeinsamen-idee-wird-ein-ort\/","title":{"rendered":"Haus der Wirtschaft: aus einer gemeinsamen Idee wird ein Ort"},"content":{"rendered":"<p>Mit der Er\u00f6ffnung des Hauses der Wirtschaft wurde am Samstag ein wichtiger Meilenstein f\u00fcr die wirtschaftliche Zusammenarbeit in Stadt und Landkreis Gifhorn sichtbar. Offene T\u00fcren, ein reger Austausch und viele Gespr\u00e4che pr\u00e4gten den Tag und machten deutlich, dass hier ein Ort des Miteinanders entsteht.<\/p>\n<div>\n<p>Im Mittelpunkt der Veranstaltung stand die <strong>Er\u00f6ffnung des neuen Kundencenters der Stadtwerke Gifhorn GmbH<\/strong>. Als moderner, serviceorientierter Anlaufpunkt bietet es Raum f\u00fcr pers\u00f6nliche Beratung und kurze Wege \u2013 offen, nahbar und konsequent am Bedarf der Menschen vor Ort ausgerichtet.<\/p>\n<p>Parallel dazu w\u00e4chst mit dem Haus der Wirtschaft Schritt f\u00fcr Schritt eine gemeinsame Adresse f\u00fcr Unternehmen in Stadt und Landkreis. Ziel ist es, wirtschaftliche Kompetenzen zu b\u00fcndeln, Abstimmungsprozesse zu verk\u00fcrzen und zentrale Themen wie <strong>Gr\u00fcndung, F\u00f6rderung, Standortentwicklung und Gewerbefl\u00e4chen<\/strong> st\u00e4rker miteinander zu verzahnen.<\/p>\n<p>Die <strong>offizielle, feierliche Einweihung des Hauses der Wirtschaft mit allen vier Partnern<\/strong> ist f\u00fcr den Sommer vorgesehen. Zu diesem Zeitpunkt wird mit dem Bezug der R\u00e4umlichkeiten durch den vierten und letzten Partner das Haus der Wirtschaft vollst\u00e4ndig seinen Betrieb aufnehmen.<\/p>\n<p>Unser Dank gilt allen Beteiligten, die dieses Projekt in den vergangenen Monaten mit gro\u00dfem Engagement, Pragmatismus und Teamgeist begleitet und realisiert haben.<\/p>\n<p><img loading=\"lazy\" decoding=\"async\" class=\"alignnone wp-image-6094\" src=\"https:\/\/xn--wirtschaftsfrderung-gifhorn-0yc.de\/wp-content\/uploads\/2026\/04\/af504c2b-c41a-4c10-981d-ee39bf3f76d6-1024x768.jpg\" alt=\"\" width=\"585\" height=\"439\" \/><\/p>\n<\/div>","protected":false},"excerpt":{"rendered":"<p>Mit der Er\u00f6ffnung des Hauses der Wirtschaft wurde am Samstag ein wichtiger Meilenstein f\u00fcr die wirtschaftliche Zusammenarbeit in Stadt und Landkreis Gifhorn sichtbar. Offene T\u00fcren, ein reger Austausch und viele Gespr\u00e4che pr\u00e4gten den Tag und machten deutlich, dass hier ein Ort des Miteinanders entsteht. Im Mittelpunkt der Veranstaltung stand die Er\u00f6ffnung des neuen Kundencenters der [&hellip;]<\/p>\n","protected":false},"author":13,"featured_media":6093,"comment_status":"closed","ping_status":"open","sticky":false,"template":"","format":"standard","meta":{"_et_pb_use_builder":"","_et_pb_old_content":"","_et_gb_content_width":"","inline_featured_image":false,"footnotes":""},"categories":[1,4,21],"tags":[],"class_list":["post-6092","post","type-post","status-publish","format-standard","has-post-thumbnail","hentry","category-presseinformationen","category-top-news","category-wirtschaftsstandort"],"_links":{"self":[{"href":"https:\/\/xn--wirtschaftsfrderung-gifhorn-0yc.de\/en\/wp-json\/wp\/v2\/posts\/6092","targetHints":{"allow":["GET"]}}],"collection":[{"href":"https:\/\/xn--wirtschaftsfrderung-gifhorn-0yc.de\/en\/wp-json\/wp\/v2\/posts"}],"about":[{"href":"https:\/\/xn--wirtschaftsfrderung-gifhorn-0yc.de\/en\/wp-json\/wp\/v2\/types\/post"}],"author":[{"embeddable":true,"href":"https:\/\/xn--wirtschaftsfrderung-gifhorn-0yc.de\/en\/wp-json\/wp\/v2\/users\/13"}],"replies":[{"embeddable":true,"href":"https:\/\/xn--wirtschaftsfrderung-gifhorn-0yc.de\/en\/wp-json\/wp\/v2\/comments?post=6092"}],"version-history":[{"count":2,"href":"https:\/\/xn--wirtschaftsfrderung-gifhorn-0yc.de\/en\/wp-json\/wp\/v2\/posts\/6092\/revisions"}],"predecessor-version":[{"id":6096,"href":"https:\/\/xn--wirtschaftsfrderung-gifhorn-0yc.de\/en\/wp-json\/wp\/v2\/posts\/6092\/revisions\/6096"}],"wp:featuredmedia":[{"embeddable":true,"href":"https:\/\/xn--wirtschaftsfrderung-gifhorn-0yc.de\/en\/wp-json\/wp\/v2\/media\/6093"}],"wp:attachment":[{"href":"https:\/\/xn--wirtschaftsfrderung-gifhorn-0yc.de\/en\/wp-json\/wp\/v2\/media?parent=6092"}],"wp:term":[{"taxonomy":"category","embeddable":true,"href":"https:\/\/xn--wirtschaftsfrderung-gifhorn-0yc.de\/en\/wp-json\/wp\/v2\/categories?post=6092"},{"taxonomy":"post_tag","embeddable":true,"href":"https:\/\/xn--wirtschaftsfrderung-gifhorn-0yc.de\/en\/wp-json\/wp\/v2\/tags?post=6092"}],"curies":[{"name":"wp","href":"https:\/\/api.w.org\/{rel}","templated":true}]}}